{"id":129,"date":"2007-11-25T18:09:13","date_gmt":"2007-11-25T17:09:13","guid":{"rendered":"http:\/\/prccevian.free.fr\/?p=129"},"modified":"2007-11-25T18:09:13","modified_gmt":"2007-11-25T17:09:13","slug":"vendredi-23-novembre","status":"publish","type":"post","link":"https:\/\/louvionnets.fr\/blog\/?p=129","title":{"rendered":"vendredi 23 novembre"},"content":{"rendered":"<ul>\n<li>\n<p style=\"margin-bottom: 0cm\"><em><u><strong>092-01<\/strong><\/u><\/em>    Le \ttemps \u00e9tant assez pluvieux, nous consacrons la matin\u00e9e \tau domaine administratif afin de permettre \u00e0 Vincent de se \tfamiliariser avec l\u2019informatique pour la gestion des comptes \trendus ainsi que des photos num\u00e9riques. En ce qui concerne ce \tdernier point, le but est d\u2019\u00e9tablir un fichier \tphotographique de l\u2019ensemble du mobilier. Au cours de nos \td\u00e9placements, nous nous effor\u00e7ons de photographier \tchaque \u00e9l\u00e9ment afin de le conserver sous sa forme \tinformatique.<\/p>\n<\/li>\n<li>\n<p style=\"margin-bottom: 0cm\"><em><u><strong>092-02<\/strong><\/u><\/em>    \tNous consacrons l\u2019apr\u00e8s midi \u00e0 la poursuite de la \tremise en \u00e9tat de la <strong>boucle du tilleul et de la pierre \u00e0 \tcupules (F\u00e9ternes<\/strong>) ainsi que la<strong> boucle du Maravant \t(Champanges).<\/strong><\/p>\n<\/li>\n<li>\n<p style=\"margin-bottom: 0cm\"> <em><u><strong>092-03<\/strong><\/u><\/em><strong>   \tB15 (127B 018 02)<\/strong>. Selon <em><u><strong>091-13<\/strong><\/u><\/em>.<strong> <\/strong>Cette \tbalise que nous n\u2019avions pas trouv\u00e9e et qui est situ\u00e9e \tsur la piste reliant <strong>La pierre \u00e0 cupules <\/strong>\u00e0<strong> \tCh\u00e2teauvieux<\/strong> est pos\u00e9e sur son lieu pr\u00e9vu \tafin d\u2019interdire un sentier descendant en direction de la Dranse.<\/p>\n<\/li>\n<li>\n<p style=\"margin-bottom: 0cm\"><em><u><strong>092-04<\/strong><\/u><\/em>    <strong>B14 \t(127B 016 02)<\/strong>. Selon <em><u><strong>091-14<\/strong><\/u><\/em>.<strong> <\/strong>Cette \tbalise que nous n\u2019avons pas trouv\u00e9e et qui est situ\u00e9e \tsur la piste reliant <strong>La pierre \u00e0 cupules <\/strong>\u00e0<strong> \tCh\u00e2teauvieux<\/strong> est pos\u00e9e sur son lieu pr\u00e9vu \tafin d\u2019interdire un sentier descendant en direction de la Dranse.<\/p>\n<\/li>\n<li>\n<p style=\"margin-bottom: 0cm\"><em><u><strong>092-05<\/strong><\/u><\/em><strong>    \tB42t (57B 010 02). <\/strong>Nous collons sur cette balise situ\u00e9e \tpr\u00e8s de l\u2019entreprise M\u00e9riguet le picto GRP (<strong>Littoral \tL\u00e9man<\/strong>) qui faisait d\u00e9faut.<\/p>\n<\/li>\n<li>\n<p style=\"margin-bottom: 0cm\"><em><u><strong>092-06<\/strong><\/u><\/em>    \t<strong>B42b  (57B 009 02)<\/strong>.<strong> <\/strong>Selon <em><u><strong>091-25.<\/strong><\/u><\/em> \tA la place de cette balise qui a disparu, nous collons contre le mur \tde la b\u00e2tisse un pictogramme de bifurcation indispensable au \tbon cheminement du parcours.<\/p>\n<\/li>\n<li>\n<p style=\"margin-bottom: 0cm\"><em><u><strong>092-07<\/strong><\/u><\/em>    \t<strong>B ??  (57B ??? 02).<\/strong> Cette balise non r\u00e9pertori\u00e9e \tse trouve au niveau de l\u2019<strong>\u00e9glise de Champanges.<\/strong><\/p>\n<\/li>\n<li>\n<p style=\"margin-bottom: 0cm\"><em><u><strong>092-08<\/strong><\/u><\/em><strong>    \tB42  (57B 008 02). <\/strong>RAS pour cette balise qui se trouve au niveau \tde <strong>l\u2019\u00e9cole de Champanges<\/strong>.<\/p>\n<\/li>\n<li>\n<p style=\"margin-bottom: 0cm\"><em><u><strong>092-09<\/strong><\/u><\/em><strong>    \tB41b (57B 006 02). <\/strong>Nous collons sur cette balise les deux pictos \tqui faisaient d\u00e9faut.<\/p>\n<\/li>\n<li>\n<p style=\"margin-bottom: 0cm\"><font color=\"#ff0000\"><em><u><strong>092-10<\/strong><\/u><\/em><\/font><font color=\"#ff0000\"> \t   <\/font><font color=\"#ff0000\"><strong>B41 (57B 005 02)<\/strong><\/font><font color=\"#ff0000\">. \tNous n\u2019avons pas trouv\u00e9 cette balise situ\u00e9e pr\u00e9s \tde l\u2019oratoire entre l\u2019<\/font><font color=\"#ff0000\"><strong>\u00e9glise \tde Champanges <\/strong><\/font><font color=\"#ff0000\">et le<\/font><font color=\"#ff0000\"><strong> \tstade de Larringes<\/strong><\/font><font color=\"#ff0000\"> dont le but est \td\u2019interdire une rue partant plein Sud. Nous la poserons plus tard.<\/font><\/p>\n<\/li>\n<li>\n<p style=\"margin-bottom: 0cm\"><em><u><strong>092-11<\/strong><\/u><\/em><strong>    \tB40 (57B 004 02). <\/strong>RAS pour cette balise qui sert entre autre de \tsupport de cl\u00f4ture de p\u00e2ture.<\/p>\n<\/li>\n<li>\n<p style=\"margin-bottom: 0cm\"><font color=\"#ff0000\"><em><u><strong>092-12<\/strong><\/u><\/em><\/font><font color=\"#ff0000\"><strong> \t   B9  (127B 002 02). <\/strong><\/font><font color=\"#ff0000\">Nous n\u2019avons \tpas trouv\u00e9 cette balise qui devrait se trouver sur la piste \tqui part depuis le poteau <\/font><font color=\"#ff0000\"><strong>P14 (127M \t003 02) \u2013 Les fins Chaffards <\/strong><\/font><font color=\"#ff0000\">en \tdirection de <\/font><font color=\"#ff0000\"><strong>Marinel<\/strong><\/font><font color=\"#ff0000\"> \tpar le <\/font><font color=\"#ff0000\"><strong>torrent du Maravant<\/strong><\/font><font color=\"#ff0000\">.<\/font><\/p>\n<\/li>\n<li>\n<p style=\"margin-bottom: 0cm\"><font color=\"#ff0000\"><em><u><strong>092-13<\/strong><\/u><\/em><\/font><font color=\"#ff0000\"> \t   <\/font><font color=\"#ff0000\"><strong>P14 (127M 001 02) \u2013 Gr\u00e9sin. \tAlt. 650m.<\/strong><\/font><font color=\"#ff0000\"> Nous n\u2019avons pas \ttrouv\u00e9 se poteau situ\u00e9 pr\u00e8s de l\u2019ancienne \td\u00e9charge lorsque l\u2019on quitte la piste pour prendre sur la \tdroite le sentier qui descend au <\/font><font color=\"#ff0000\"><strong>torrent \tdu Maravant<\/strong><\/font><font color=\"#ff0000\"> en direction du moulin \tde m\u00eame nom. A noter la pancarte rouge fix\u00e9e sur un \tarbre avec la mention \u201cDANGER   CHASSE    TIR \u00e0 BALLES \u201d, \tcomme quoi il reviendrait aux promeneurs de veiller \u00e0 la \ts\u00e9curit\u00e9 relative \u00e0 la chasse. Et au dessus une \tautre pancarte, un peu plus accueillante car verte (comme \u00e9cologie), \tavec la mention \u201cATTENTION    ZONE    PIEGE\u201d avec son num\u00e9ro \td\u2019agr\u00e9ment (lutte contre nuisibles ?). Voil\u00e0 \tqui ne garantit gu\u00e8re le confort de la randonn\u00e9e !<\/font><\/p>\n<\/li>\n<li>\n<p style=\"margin-bottom: 0cm\"><font color=\"#ff0000\"><em><u><strong>092-14<\/strong><\/u><\/em><\/font><font color=\"#ff0000\"><strong> \t   B7 (sans code SED).<\/strong><\/font><font color=\"#ff0000\"> Nous n\u2019avons \tpas trouv\u00e9 cette balise qui se trouve sur le sentier au \tniveau du <\/font><font color=\"#ff0000\"><strong>pont du Maravant.<\/strong><\/font><\/p>\n<\/li>\n<li>\n<p style=\"margin-bottom: 0cm\"><font color=\"#ff0000\"><em><u><strong>092-15<\/strong><\/u><\/em><\/font><font color=\"#ff0000\"> \t   Le premier pont situ\u00e9 avant le torrent et qui traverse un \truisseau confluent de ce dernier est plus un danger qu\u2019une simple \tcommodit\u00e9. Il s\u2019est affaiss\u00e9 sur un c\u00f4t\u00e9 \t(voir photos) et par temps de pluie comme c\u2019\u00e9tait le cas ce \tjour l\u00e0, c\u2019est un toboggan pour ne pas dire un casse pipe \tcomme d\u2019ailleurs j\u2019ai pu en faire l\u2019exp\u00e9rience. \tProbl\u00e8me \u00e0 r\u00e9soudre d\u2019urgence avant que ne \tsurvienne un drame. Une main courante nous para\u00eet \u00e9galement \tindispensable. Mis \u00e0 part cela, un bon travail a \u00e9t\u00e9 \teffectu\u00e9 en cet endroit avec de nombreux rondins de bois en \ttravers du chemin pour g\u00e9rer les affaissements de terrain.<\/font><\/p>\n<\/li>\n<\/ul>\n<p align=\"center\"><a href=\"http:\/\/prccevian.free.fr\/wp-content\/pont-du-maravant-3.JPG\" title=\"Pont sur le Maravant\"><img decoding=\"async\" src=\"http:\/\/prccevian.free.fr\/wp-content\/pont-du-maravant-3.thumbnail.JPG\" alt=\"Pont sur le Maravant\" \/><\/a><\/p>\n<ul>\n<li>\n<p style=\"margin-bottom: 0cm\"><font color=\"#ff0000\"><em><u><strong>092-16<\/strong><\/u><\/em><\/font><font color=\"#ff0000\"> \t   <\/font><font color=\"#ff0000\"><strong>P10 (sans code SED).<\/strong><\/font><font color=\"#ff0000\"> \tNous n\u2019avons pas trouv\u00e9 ce poteau situ\u00e9 logiquement \tpr\u00e8s du pont principal du <\/font><font color=\"#ff0000\"><strong>Maravant.<\/strong><\/font><font color=\"#ff0000\"> \t<\/font><\/p>\n<\/li>\n<li>\n<p style=\"margin-bottom: 0cm\"><em><u><strong>092-17<\/strong><\/u><\/em><strong>    \tPont du Maravant. <\/strong>C\u2019est un bel ouvrage, en tr\u00e8s bon \t\u00e9tat, tr\u00e8s s\u00e9curisant et qui plus bien int\u00e9gr\u00e9 \t\u00e0 l\u2019environnement. Point de vue magnifique en p\u00e9riode \tautomnale.<\/p>\n<\/li>\n<li>\n<p style=\"margin-bottom: 0cm\"><font color=\"#ff0000\"><em><u><strong>092-18<\/strong><\/u><\/em><\/font><font color=\"#ff0000\"> \t   Constat un peu triste sur l\u2019\u00e9tat de ce magnifique \ttorrent qui de toute \u00e9vidence est tr\u00e8s pollu\u00e9 \tcomme en t\u00e9moigne sa couleur vert-jaun\u00e2tre et les \tamoncellements de mousse de d\u00e9tergent bloqu\u00e9s aux \tbords des \u201cgouilles\u201d. Pourtant, \u00e0 notre connaissance, la \tquasi totalit\u00e9 de la zone situ\u00e9e en amont est \tassujettie au \u201ctout \u00e0 l\u2019\u00e9gout\u201d.<\/font><\/p>\n<\/li>\n<\/ul>\n","protected":false},"excerpt":{"rendered":"<p>092-01 Le temps \u00e9tant assez pluvieux, nous consacrons la matin\u00e9e au domaine administratif afin de permettre \u00e0 Vincent de se familiariser avec l\u2019informatique pour la gestion des comptes rendus ainsi que des photos num\u00e9riques. En ce qui concerne ce dernier point, le but est d\u2019\u00e9tablir un fichier photographique de l\u2019ensemble du mobilier. Au cours de <a class=\"continue\" href=\"https:\/\/louvionnets.fr\/blog\/?p=129\">[Continue]<\/a><\/p>\n","protected":false},"author":1,"featured_media":0,"comment_status":"open","ping_status":"open","sticky":false,"template":"","format":"standard","meta":{"footnotes":""},"categories":[2],"tags":[],"class_list":["post-129","post","type-post","status-publish","format-standard","hentry","category-blogroll"],"_links":{"self":[{"href":"https:\/\/louvionnets.fr\/blog\/index.php?rest_route=\/wp\/v2\/posts\/129","targetHints":{"allow":["GET"]}}],"collection":[{"href":"https:\/\/louvionnets.fr\/blog\/index.php?rest_route=\/wp\/v2\/posts"}],"about":[{"href":"https:\/\/louvionnets.fr\/blog\/index.php?rest_route=\/wp\/v2\/types\/post"}],"author":[{"embeddable":true,"href":"https:\/\/louvionnets.fr\/blog\/index.php?rest_route=\/wp\/v2\/users\/1"}],"replies":[{"embeddable":true,"href":"https:\/\/louvionnets.fr\/blog\/index.php?rest_route=%2Fwp%2Fv2%2Fcomments&post=129"}],"version-history":[{"count":0,"href":"https:\/\/louvionnets.fr\/blog\/index.php?rest_route=\/wp\/v2\/posts\/129\/revisions"}],"wp:attachment":[{"href":"https:\/\/louvionnets.fr\/blog\/index.php?rest_route=%2Fwp%2Fv2%2Fmedia&parent=129"}],"wp:term":[{"taxonomy":"category","embeddable":true,"href":"https:\/\/louvionnets.fr\/blog\/index.php?rest_route=%2Fwp%2Fv2%2Fcategories&post=129"},{"taxonomy":"post_tag","embeddable":true,"href":"https:\/\/louvionnets.fr\/blog\/index.php?rest_route=%2Fwp%2Fv2%2Ftags&post=129"}],"curies":[{"name":"wp","href":"https:\/\/api.w.org\/{rel}","templated":true}]}}