{"id":128,"date":"2007-11-23T20:23:41","date_gmt":"2007-11-23T19:23:41","guid":{"rendered":"http:\/\/prccevian.free.fr\/?p=128"},"modified":"2007-11-23T20:23:41","modified_gmt":"2007-11-23T19:23:41","slug":"semaine-du-19-au-23-novembre-2007","status":"publish","type":"post","link":"https:\/\/louvionnets.fr\/blog\/?p=128","title":{"rendered":"semaine du 19 au 23 novembre 2007"},"content":{"rendered":"<p>Rencontre avec M. Francina (Pr\u00e9sident) et M. Bendotti (Vice Pr\u00e9sident Charg\u00e9 du tourisme) de la CC Pays d&rsquo;Evian afin de faire le point sur les questions budgetaires pour 2008.<\/p>\n<p>Elaboration d&rsquo;une demande de mobilier \u00e0 remplacer sur les itin\u00e9raires PDIPR<\/p>\n<p>Reprise d&rsquo;une fiche (P18) suite \u00e0 la modification de la variante du Balcon au niveau du chalet de Neuvaz.<\/p>\n<p>Finalisation des d\u00e9marches pour que la CC Pays d&rsquo;Evian puisse reprendre le GR 5 entre Bioge et le Col des Portes d&rsquo;Oche, cette question devant faire l&rsquo;objet d&rsquo;un vote de la CC du pays d&rsquo;Evian.<\/p>\n<p>Rencontre avec MM. Garralon-Robion afin d&rsquo;envisager la possibilit\u00e9 de mise en place d&rsquo;un DLA (dispositif Local d&rsquo;Accompagnement financ\u00e9 par l&rsquo;\u00e9tat, l&rsquo;europe et la caisse des d\u00e9pots) au b\u00e9n\u00e9fice de Lou Vionnets . Constitution du dossier de demande.<\/p>\n<p>R\u00e9alisation, avec Google de r\u00e9pertoires de photos du mobilier et de cartes enrichies de nos itin\u00e9raires.<\/p>\n<p>Contacts avec la SED pour mettre au point la fourniture du mobilier pr\u00e9alablement pr\u00e9vue pour le 15 novembre<\/p>\n","protected":false},"excerpt":{"rendered":"<p>Rencontre avec M. Francina (Pr\u00e9sident) et M. Bendotti (Vice Pr\u00e9sident Charg\u00e9 du tourisme) de la CC Pays d&rsquo;Evian afin de faire le point sur les questions budgetaires pour 2008. Elaboration d&rsquo;une demande de mobilier \u00e0 remplacer sur les itin\u00e9raires PDIPR Reprise d&rsquo;une fiche (P18) suite \u00e0 la modification de la variante du Balcon au niveau <a class=\"continue\" href=\"https:\/\/louvionnets.fr\/blog\/?p=128\">[Continue]<\/a><\/p>\n","protected":false},"author":1,"featured_media":0,"comment_status":"open","ping_status":"open","sticky":false,"template":"","format":"standard","meta":{"footnotes":""},"categories":[2],"tags":[],"class_list":["post-128","post","type-post","status-publish","format-standard","hentry","category-blogroll"],"_links":{"self":[{"href":"https:\/\/louvionnets.fr\/blog\/index.php?rest_route=\/wp\/v2\/posts\/128","targetHints":{"allow":["GET"]}}],"collection":[{"href":"https:\/\/louvionnets.fr\/blog\/index.php?rest_route=\/wp\/v2\/posts"}],"about":[{"href":"https:\/\/louvionnets.fr\/blog\/index.php?rest_route=\/wp\/v2\/types\/post"}],"author":[{"embeddable":true,"href":"https:\/\/louvionnets.fr\/blog\/index.php?rest_route=\/wp\/v2\/users\/1"}],"replies":[{"embeddable":true,"href":"https:\/\/louvionnets.fr\/blog\/index.php?rest_route=%2Fwp%2Fv2%2Fcomments&post=128"}],"version-history":[{"count":0,"href":"https:\/\/louvionnets.fr\/blog\/index.php?rest_route=\/wp\/v2\/posts\/128\/revisions"}],"wp:attachment":[{"href":"https:\/\/louvionnets.fr\/blog\/index.php?rest_route=%2Fwp%2Fv2%2Fmedia&parent=128"}],"wp:term":[{"taxonomy":"category","embeddable":true,"href":"https:\/\/louvionnets.fr\/blog\/index.php?rest_route=%2Fwp%2Fv2%2Fcategories&post=128"},{"taxonomy":"post_tag","embeddable":true,"href":"https:\/\/louvionnets.fr\/blog\/index.php?rest_route=%2Fwp%2Fv2%2Ftags&post=128"}],"curies":[{"name":"wp","href":"https:\/\/api.w.org\/{rel}","templated":true}]}}