{"id":114,"date":"2007-10-21T08:25:29","date_gmt":"2007-10-21T07:25:29","guid":{"rendered":"http:\/\/prccevian.free.fr\/?p=114"},"modified":"2007-10-21T08:25:29","modified_gmt":"2007-10-21T07:25:29","slug":"vendredi-19-octobre","status":"publish","type":"post","link":"https:\/\/louvionnets.fr\/blog\/?p=114","title":{"rendered":"vendredi 19 octobre"},"content":{"rendered":"<ul>\n<li>\n<p style=\"margin-bottom: 0cm\">Aujourd\u2019hui, nous nous rendrons \t\u00e0 <strong>Novel<\/strong>, plus pr\u00e9cis\u00e9ment \u00e0 <strong>La \tPlanche<\/strong>, pour finaliser le balisage du <strong>Balcon du L\u00e9man<\/strong> \tainsi que sa variante. Pierre Guedu nous accompagne pour \tcette op\u00e9ration.<\/p>\n<\/li>\n<li>\n<p style=\"margin-bottom: 0cm\"><font color=\"#ff0000\"><em><u><\/u><\/em><\/font>Notre voiture est \tparqu\u00e9e \u00e0 <strong>La Planche<\/strong>, sous le hameau de \tl<strong>\u2019Enclos<\/strong>, nous partons sur la piste qui conduit au <strong>col \tde Neuvaz<\/strong>. Apr\u00e8s avoir pass\u00e9 <strong>Neuvaz Dessous<\/strong>, \tnous trouvons cette balise qui n\u2019a pas de pictogramme. Nous \tcollons le pictogramme double fl\u00e8ches qui confirme la \tcontinuit\u00e9 du parcours, <font color=\"#ff0000\"><em>mais il \tmanquera le pictogramme blanc-rouge de GRP que nous n\u2019avons plus \ten stock.<\/em><\/font><\/p>\n<\/li>\n<li>\n<p style=\"margin-bottom: 0cm\"><font color=\"#ff0000\"><em><u><\/u><\/em><\/font>Nous \tarrivons au chalet de <strong>Neuvaz du Milieu<\/strong> o\u00f9 se trouve \tcette balise. Nous collons deux pictogrammes simple fl\u00e8che \tavec indication de monter \u00e0 gauche, <font color=\"#ff0000\"><em>mais \til manquera toujours les pictogrammes blanc-rouge de GRP.<\/em><\/font><\/p>\n<\/li>\n<li>\n<p style=\"margin-bottom: 0cm\"><em><u><\/u><\/em>Nous arrivons au <strong>col de Neuvaz<\/strong> o\u00f9 nous enlevons les \tanciens balisages pour les \u00e9vacuer.<\/p>\n<\/li>\n<li>\n<p style=\"margin-bottom: 0cm\"><em><u><\/u><\/em><strong>P7 \tGRP-BL<\/strong>. Nous retrouvons cent m\u00e8tres plus loin en \tdirection de la Dent d\u2019Oche ce poteau <strong>P7 <\/strong>qui n\u2019avait pas \t\u00e9t\u00e9 cercl\u00e9 de fil de barbel\u00e9 et qui \tavait perdu son aplomb (signal\u00e9 selon <em><u><strong>069-08<\/strong><\/u><\/em>). \tLe sol \u00e9tant gel\u00e9, nous ne pouvons le redresser. Nous \tle cerclons de fil barbel\u00e9.<\/p>\n<\/li>\n<li>\n<p style=\"margin-bottom: 0cm\"><em><u><\/u><\/em><strong>P18 \tGRP-VBL Neuvaz de Dessus \u2013 Alt. 1770m<\/strong>. Nous rejoignons les \tdeux chalets de <strong>Neuvaz de Dessus<\/strong>. L\u2019un des deux chalets est \ten perdition, sa charpente couverte de tavaillons est en partie \teffondr\u00e9e. Une poutre de taille ancienne couch\u00e9e \tdevant l\u2019entr\u00e9e et encore en \u00e9tat t\u00e9moigne du \tcourage de ces constructeurs du si\u00e8cle pass\u00e9 qui, pour \tl\u2019amener ici avec ses quelques sept m\u00e8tres de longueur et \tun poids consid\u00e9rable, m\u00eame \u00e0 dos de mulet, ont \tdu transpirer. La plaque signal\u00e9tique que nous devons fixer \tsur la fa\u00e7ade du chalet ne peut \u00eatre pos\u00e9e sur \tle fa\u00e7ade orient\u00e9e Nord-est, l\u00e0 o\u00f9 passe \tle sentier, car le sens des fl\u00e8ches des itin\u00e9raires \tindiqu\u00e9s en serait invers\u00e9. Il faudrait pour cela la \tposer sur la face oppos\u00e9e, en aval des chalets, l\u00e0 o\u00f9 \taucun passage n\u2019est pr\u00e9vu. En entorse \u00e0 la r\u00e8gle, \tnous d\u00e9cidons donc de fixer cette plaque sur le poteau que \tnous avions pos\u00e9 selon   <em><u><strong>024-11.<\/strong><\/u><\/em><\/p>\n<\/li>\n<li>\n<p style=\"margin-bottom: 0cm\"><em><u><\/u><\/em>Nous poursuivons notre parcours en vue d\u2019inspection en direction \tdu <strong>Pic de Bor\u00e9e \u2013 Alt. 1974m<\/strong> que nous gravissons. Le \tsentier, inexistant au d\u00e9part (pr\u00e9sence de vaches), \test ensuite bien trac\u00e9 lorsque nous franchissons la cl\u00f4ture \td\u2019alpage et cela jusqu\u2019au sommet. La vue est splendide et \tembrasse tout l\u2019arc l\u00e9manique avec les Alpes Bernoises en \tcontinuit\u00e9. Apr\u00e8s le sommet, nous passons le carrefour \tdu sentier venant des <strong>chalets des M\u00e9mises<\/strong> et qui \tacc\u00e8de \u00e0 l\u2019ar\u00eate par un couloir assez raide \t\u00e9quip\u00e9 pour rassurer par d\u2019archa\u00efques cordes \u00e0 \tn\u0153ud.<\/p>\n<\/li>\n<li>\n<p style=\"margin-bottom: 0cm\"><em><u><\/u><\/em>Nous poursuivons sur l\u2019ar\u00eate par le sentier qui devient tr\u00e8s \tdiscret et longe c\u00f4t\u00e9 Sud des pentes herbeuses \tsoutenues et assez raides pour arriver au <strong>col de Parchet<\/strong> pr\u00e8s \td\u2019un grand bac de r\u00e9tention d\u2019eau o\u00f9 nous trouvons \tsur un poteau une signal\u00e9tique tri-directionnelle : le \t<strong>Pic de Bor\u00e9e<\/strong> d\u2019o\u00f9 nous venons, retour direct \tsur <strong>Novel<\/strong> <strong>La Planche<\/strong> c\u00f4t\u00e9 Sud \u00e0 \tdroite de l\u2019ar\u00eate, direction <strong>chalets des M\u00e9mises<\/strong> \tet <strong>chalet de<\/strong> <strong>Nordevaux<\/strong> en descendant sur la gauche \tc\u00f4t\u00e9 Nord.<\/p>\n<\/li>\n<li>\n<p style=\"margin-bottom: 0cm\"><em><u><\/u><\/em>Sur \tles contreforts de la <strong>Pointe de P\u00e9talouse<\/strong>, nous \tapercevons une femelle (ch\u00e8vre) chamois et son cabri que nous \tavons sans doute d\u00e9rang\u00e9s. La ch\u00e8vre est \ttotalement blanche, ce qui nous fait penser \u00e0 un sp\u00e9cimen \talbinos ce qui est fr\u00e9quent pour ce genre de caprin\u00e9 \talors qu\u2019en hiver le pelage des chamois a tendance \u00e0 \ts\u2019assombrir.<\/p>\n<\/li>\n<li>\n<p style=\"margin-bottom: 0cm\"><em><u><\/u><\/em>Nous optons pour l\u2019itin\u00e9raire de gauche, direction <strong>chalet \tde Nordevaux<\/strong>. Pour rejoindre plus rapidement le <strong>Col de \tBlanchard<\/strong>, nous passons entre la <strong>Pointe de P\u00e9talouse<\/strong> \tet la <strong>Pointe de Corniens<\/strong> en descendant par l\u2019alpage des \t<strong>Vieilles Cases<\/strong>. Nous \u00e9vitons ainsi la descente sur le \t<strong>chalet de Nordevaux<\/strong> et le <strong>col de Corniens <\/strong>et la \tremont\u00e9e aux chalets de m\u00eame nom. Nous arrivons ainsi \tdirectement sur les <strong>chalets de Corniens<\/strong>, continuons vers le \t<strong>col de Blanchard<\/strong>, et de l\u00e0 nous prenons le sentier qui \trejoint en travers\u00e9e <strong>La Planche<\/strong> au dessus de <strong>Novel<\/strong> \to\u00f9 se trouve notre v\u00e9hicule.<\/p>\n<\/li>\n<\/ul>\n<p style=\"margin-bottom: 0cm\">&nbsp;<\/p>\n","protected":false},"excerpt":{"rendered":"<p>Aujourd\u2019hui, nous nous rendrons \u00e0 Novel, plus pr\u00e9cis\u00e9ment \u00e0 La Planche, pour finaliser le balisage du Balcon du L\u00e9man ainsi que sa variante. Pierre Guedu nous accompagne pour cette op\u00e9ration. Notre voiture est parqu\u00e9e \u00e0 La Planche, sous le hameau de l\u2019Enclos, nous partons sur la piste qui conduit au col de Neuvaz. Apr\u00e8s avoir <a class=\"continue\" href=\"https:\/\/louvionnets.fr\/blog\/?p=114\">[Continue]<\/a><\/p>\n","protected":false},"author":1,"featured_media":0,"comment_status":"open","ping_status":"open","sticky":false,"template":"","format":"standard","meta":{"footnotes":""},"categories":[2],"tags":[],"class_list":["post-114","post","type-post","status-publish","format-standard","hentry","category-blogroll"],"_links":{"self":[{"href":"https:\/\/louvionnets.fr\/blog\/index.php?rest_route=\/wp\/v2\/posts\/114","targetHints":{"allow":["GET"]}}],"collection":[{"href":"https:\/\/louvionnets.fr\/blog\/index.php?rest_route=\/wp\/v2\/posts"}],"about":[{"href":"https:\/\/louvionnets.fr\/blog\/index.php?rest_route=\/wp\/v2\/types\/post"}],"author":[{"embeddable":true,"href":"https:\/\/louvionnets.fr\/blog\/index.php?rest_route=\/wp\/v2\/users\/1"}],"replies":[{"embeddable":true,"href":"https:\/\/louvionnets.fr\/blog\/index.php?rest_route=%2Fwp%2Fv2%2Fcomments&post=114"}],"version-history":[{"count":0,"href":"https:\/\/louvionnets.fr\/blog\/index.php?rest_route=\/wp\/v2\/posts\/114\/revisions"}],"wp:attachment":[{"href":"https:\/\/louvionnets.fr\/blog\/index.php?rest_route=%2Fwp%2Fv2%2Fmedia&parent=114"}],"wp:term":[{"taxonomy":"category","embeddable":true,"href":"https:\/\/louvionnets.fr\/blog\/index.php?rest_route=%2Fwp%2Fv2%2Fcategories&post=114"},{"taxonomy":"post_tag","embeddable":true,"href":"https:\/\/louvionnets.fr\/blog\/index.php?rest_route=%2Fwp%2Fv2%2Ftags&post=114"}],"curies":[{"name":"wp","href":"https:\/\/api.w.org\/{rel}","templated":true}]}}