{"id":11397,"date":"2025-07-22T12:50:31","date_gmt":"2025-07-22T12:50:31","guid":{"rendered":"http:\/\/louvionnets.fr\/blog\/?p=11397"},"modified":"2025-07-22T12:50:31","modified_gmt":"2025-07-22T12:50:31","slug":"mardi-22-juillet-2025","status":"publish","type":"post","link":"https:\/\/louvionnets.fr\/blog\/?p=11397","title":{"rendered":"Mardi 22 Juillet 2025"},"content":{"rendered":"\n<p>Pointe de Pelluaz au Lac de la Case<\/p>\n\n\n\n<ul class=\"wp-block-list\">\n<li>V\u00e9rification du chemin<\/li>\n<\/ul>\n\n\n\n<p><\/p>\n\n\n\n<p>Lac de la Case au Sommet du Ch\u00e2teau d&rsquo;Oche<\/p>\n\n\n\n<ul class=\"wp-block-list\">\n<li>V\u00e9rification du chemin<\/li>\n\n\n\n<li>Coupe branches<\/li>\n\n\n\n<li>\u00c9pierrer le chemin<\/li>\n<\/ul>\n\n\n\n<p><\/p>\n\n\n\n<p>Lac de la Case \u00e0 La F\u00e9tui\u00e8re<\/p>\n\n\n\n<ul class=\"wp-block-list\">\n<li>V\u00e9rification du chemin<\/li>\n\n\n\n<li>Coupe branches<\/li>\n<\/ul>\n\n\n\n<p><\/p>\n\n\n\n<p>La F\u00e9tui\u00e8re au Parking de la Chevrette<\/p>\n\n\n\n<ul class=\"wp-block-list\">\n<li>V\u00e9rification du chemin<\/li>\n\n\n\n<li>Coupe branches<\/li>\n<\/ul>\n\n\n\n<p><\/p>\n\n\n\n<p>Parking de la Chevrette \u00e0 Ugine<\/p>\n\n\n\n<ul class=\"wp-block-list\">\n<li>V\u00e9rification du chemin<\/li>\n\n\n\n<li>Coupe branches<\/li>\n<\/ul>\n\n\n\n<p><\/p>\n\n\n\n<p>Ugine \u00e0 la Chapelle de la Beunaz<\/p>\n\n\n\n<ul class=\"wp-block-list\">\n<li>V\u00e9rification du chemin<\/li>\n\n\n\n<li>Coupe branches<\/li>\n<\/ul>\n\n\n\n<p><\/p>\n\n\n\n<p>Atelier<\/p>\n\n\n\n<ul class=\"wp-block-list\">\n<li>Entretien du taille haie<\/li>\n\n\n\n<li>Entretien de l&rsquo;\u00e9lagueuse<\/li>\n\n\n\n<li>R\u00e9ceptionner les 2 tables de pique-nique<\/li>\n<\/ul>\n\n\n\n<p><\/p>\n\n\n\n<p>moyens mobilis\u00e9s<\/p>\n\n\n\n<figure class=\"wp-block-table\"><table class=\"has-fixed-layout\"><tbody><tr><td>2 Salari\u00e9(s)<\/td><td>1 journ\u00e9e(s)<\/td><\/tr><tr><td>2 B\u00e9n\u00e9vole(s)<\/td><td>6 heure(s)<\/td><\/tr><tr><td>R\u00e9f\u00e9rent technique<\/td><td>heure(s)<\/td><\/tr><tr><td><\/td><td><\/td><\/tr><\/tbody><\/table><\/figure>\n","protected":false},"excerpt":{"rendered":"<p>Pointe de Pelluaz au Lac de la Case Lac de la Case au Sommet du Ch\u00e2teau d&rsquo;Oche Lac de la Case \u00e0 La F\u00e9tui\u00e8re La F\u00e9tui\u00e8re au Parking de la Chevrette Parking de la Chevrette \u00e0 Ugine Ugine \u00e0 la Chapelle de la Beunaz Atelier moyens mobilis\u00e9s 2 Salari\u00e9(s) 1 journ\u00e9e(s) 2 B\u00e9n\u00e9vole(s) 6 heure(s) <a class=\"continue\" href=\"https:\/\/louvionnets.fr\/blog\/?p=11397\">[Continue]<\/a><\/p>\n","protected":false},"author":3,"featured_media":0,"comment_status":"closed","ping_status":"open","sticky":false,"template":"","format":"standard","meta":{"footnotes":""},"categories":[1],"tags":[],"class_list":["post-11397","post","type-post","status-publish","format-standard","hentry","category-non-classe"],"_links":{"self":[{"href":"https:\/\/louvionnets.fr\/blog\/index.php?rest_route=\/wp\/v2\/posts\/11397","targetHints":{"allow":["GET"]}}],"collection":[{"href":"https:\/\/louvionnets.fr\/blog\/index.php?rest_route=\/wp\/v2\/posts"}],"about":[{"href":"https:\/\/louvionnets.fr\/blog\/index.php?rest_route=\/wp\/v2\/types\/post"}],"author":[{"embeddable":true,"href":"https:\/\/louvionnets.fr\/blog\/index.php?rest_route=\/wp\/v2\/users\/3"}],"replies":[{"embeddable":true,"href":"https:\/\/louvionnets.fr\/blog\/index.php?rest_route=%2Fwp%2Fv2%2Fcomments&post=11397"}],"version-history":[{"count":1,"href":"https:\/\/louvionnets.fr\/blog\/index.php?rest_route=\/wp\/v2\/posts\/11397\/revisions"}],"predecessor-version":[{"id":11398,"href":"https:\/\/louvionnets.fr\/blog\/index.php?rest_route=\/wp\/v2\/posts\/11397\/revisions\/11398"}],"wp:attachment":[{"href":"https:\/\/louvionnets.fr\/blog\/index.php?rest_route=%2Fwp%2Fv2%2Fmedia&parent=11397"}],"wp:term":[{"taxonomy":"category","embeddable":true,"href":"https:\/\/louvionnets.fr\/blog\/index.php?rest_route=%2Fwp%2Fv2%2Fcategories&post=11397"},{"taxonomy":"post_tag","embeddable":true,"href":"https:\/\/louvionnets.fr\/blog\/index.php?rest_route=%2Fwp%2Fv2%2Ftags&post=11397"}],"curies":[{"name":"wp","href":"https:\/\/api.w.org\/{rel}","templated":true}]}}