{"id":106,"date":"2007-10-07T17:11:34","date_gmt":"2007-10-07T16:11:34","guid":{"rendered":"http:\/\/prccevian.free.fr\/?p=106"},"modified":"2007-10-07T17:11:34","modified_gmt":"2007-10-07T16:11:34","slug":"samedi-6-octobre","status":"publish","type":"post","link":"https:\/\/louvionnets.fr\/blog\/?p=106","title":{"rendered":"samedi 6 octobre"},"content":{"rendered":"<ul>\n<li>\n<p style=\"margin-bottom: 0cm\">Rendez-vous \u00e9tait donn\u00e9 \tpour les membres de l\u2019association au parking de la F\u00e9tiu\u00e8re \tpour une mission sur les chalets d\u2019Oche, la pose de trois poteaux \tsignal\u00e9tiques. Nous nous retrouvons neuf au total, Vincent, \tG\u00e9rard, Fr\u00e9d\u00e9ric, Jacques Patricia avec ses \ttrois filles et Serge. Nous devons transporter depuis le parking \ttrois sacs de 25Kg de mortier, trois poteaux \u00e9quip\u00e9s \tde leur support m\u00e9tallique et divers outillage. La mont\u00e9e \tse fait dans une ambiance tr\u00e8s humide du fait de la pr\u00e9sence \tdu brouillard. Nous aurons un peu de pluie aux chalets d\u2019Oche.<br \/>\n<a href=\"http:\/\/prccevian.free.fr\/?attachment_id=107\" rel=\"attachment wp-att-107\" title=\"Balisage aux Chalets d\u2019oche\"><\/a><\/p>\n<p style=\"text-align: center\"><a href=\"http:\/\/prccevian.free.fr\/?attachment_id=107\" rel=\"attachment wp-att-107\" title=\"Balisage aux Chalets d\u2019oche\"><img decoding=\"async\" src=\"http:\/\/prccevian.free.fr\/wp-content\/balisageoche1.jpg\" alt=\"Balisage aux Chalets d\u2019oche\" \/><\/a><\/p>\n<\/li>\n<li>\n<p style=\"margin-bottom: 0cm\"><em><u><\/u><\/em>Arriv\u00e9s aux chalets d\u2019Oche altitude 1630m, nous posons <strong>P10 \tGRP-GR5<\/strong> \u00e9quip\u00e9 d\u2019une plaque signal\u00e9tique. \tApr\u00e8s l\u2019effort, le r\u00e9confort. Pr\u00e8s de la \tg\u00e9n\u00e9reuse fontaine des chalets, nous auront l\u2019occasion \td\u2019appr\u00e9cier le th\u00e9-g\u00e2teau  que nous aura \tconcoct\u00e9 Patricia.<\/p>\n<\/li>\n<li>\n<p style=\"margin-bottom: 0cm\"><em><u><\/u><\/em>Au \tdessus des chalets, nous posons <strong>P11 GRP-GR5 <\/strong>\u00e9quip\u00e9 \tde deux plaques signal\u00e9tiques, une en direction de la Dent \td\u2019Oche et l\u2019autre direction des Portes d\u2019Oche. L\u2019ancien \tpoteau est d\u00e9mont\u00e9, les plaques seront redescendues \tdans la vall\u00e9e.<\/p>\n<\/li>\n<li>\n<p style=\"margin-bottom: 0cm\"><em><u><\/u><\/em>Deux cent m\u00e8tres plus loin en direction des Portes d\u2019Oche, \tnous posons <strong>P12 GRP-GR5<\/strong> avec deux plaques, l\u2019une vers le \tcol de Planchamp, et l\u2019autre direction du Lac de La Case et des \tPortes d\u2019Oche. L\u2019ancien poteau est d\u00e9mont\u00e9, les \tplaques seront redescendues dans la vall\u00e9e.<\/p>\n<\/li>\n<li>\n<p style=\"margin-bottom: 0cm\"><em><u><\/u><\/em>Nous nous s\u00e9parons des b\u00e9n\u00e9voles de \tl\u2019association qui ont fort bien rempli leur mission. Le temps est \ttoujours maussade et nous montons alors en direction du col de \tRebollion. Juste avant l\u2019arriv\u00e9e au col, le temps se l\u00e8ve \tet une perc\u00e9e dans le brouillard laisse appara\u00eetre un \tcoin de ciel bleu. Le profil de quelques bouquetins se dessine avec \tles ar\u00eates de la Bec (la Dent d\u2019Oche). Le poteau <strong>P9 \tGRP-GR5<\/strong> qui doit \u00eatre pos\u00e9 au col se trouve \u00e0 \tproximit\u00e9 du poteau <strong>P8 GRP-GR5 <\/strong>altitude 1810m pr\u00e8s \tdu col de Tr\u00e9pertuis, l\u00e0 o\u00f9 nous l\u2019avions \tpos\u00e9 le 2 Juin 2007 selon <em><strong>024-10<\/strong><\/em>. Il nous donc \tle r\u00e9cup\u00e9rer \u00e0 cet endroit.<\/p>\n<\/li>\n<li>\n<p style=\"margin-bottom: 0cm\"><font color=\"#ff0000\"><em><u><\/u><\/em><\/font> Nous descendons le col de Rebollion en direction du col de \tNeuvaz (o\u00f9 Neuva) par le c\u00f4t\u00e9 Nord de la Dent \td\u2019Oche. <font color=\"#ff0000\"><em>Les premiers cent m\u00e8tres \tde ce parcours sont tr\u00e8s expos\u00e9s,  surtout par temps \thumide. Etant donn\u00e9 la fr\u00e9quence de randonneurs sur ce \tparcours, il nous para\u00eet indispensable de conforter par des \ttravaux cette partie de parcours fortement d\u00e9grad\u00e9e<\/em><\/font>.<\/p>\n<\/li>\n<li>\n<p style=\"margin-bottom: 0cm\"><em><u><\/u><\/em>Peu apr\u00e8s, la pr\u00e9sence d\u2019un h\u00e9licopt\u00e8re \tpr\u00e8s du sommet de la Dent d\u2019Oche provoque un mouvement de \tpanique parmi la faune locale et \u00e0 notre surprise nous voyons \tsurgir des flancs de la montagne des dizaines de bouquetins, \tessentiellement des \u00e9tagnes (femelles) accompagn\u00e9s de \tleurs cabris qui pour l\u2019occasion nous bombardent de pierres. Nous \tsommes fortement impressionn\u00e9s par le nombre d\u2019individus, \tque nous n\u2019imaginions pas si \u00e9lev\u00e9, et qui d\u00e9passent \tcertainement la cinquantaine.<\/p>\n<\/li>\n<li>\n<p style=\"margin-bottom: 0cm\"><em><u><\/u><\/em>Nous arrivons, peu avant le col de Neuvaz, au poteau <strong>P8 GRP-GR5<\/strong> \td\u00e9j\u00e0 pos\u00e9 selon <em><u><strong>024-09<\/strong><\/u><\/em> \tmais \u00e0 l\u2019envers. Apr\u00e8s l\u2019avoir descell\u00e9, \tnous le repla\u00e7ons dans sa bonne position et le garnissons de \tses deux plaques dont l\u2019une indique la direction du Roc de Rianda \tet du col de Tr\u00e9pertuis. Nous r\u00e9cup\u00e9rons <strong>P9 \tGRP-GR5<\/strong> qui dormait l\u00e0 depuis quatre mois, dans un \ttaillis situ\u00e9 juste au dessus.<\/p>\n<\/li>\n<li>\n<p style=\"margin-bottom: 0cm\"><font color=\"#ff0000\"><em><u><\/u><\/em><\/font>Nous rejoignons le col de Rebollion o\u00f9 nous posons le \tpoteau <strong>P9 GRP-GR5<\/strong> col de Rebollion altitude 1955m avec ses \tdeux plaques tri-directionnelles : col de Neuvaz, Dent d\u2019Oche, \tchalets d\u2019Oche. Les anciennes plaques sont d\u00e9mont\u00e9es \tpour \u00eatre \u00e9vacu\u00e9es, nous laissons n\u00e9anmoins \tsur l\u2019ancien poteau la plaque de bois grav\u00e9 avertissant du \t<font color=\"#ff0000\"><em>danger de chute de pierres. En fait, ce \tprobl\u00e8me se situe principalement entre les chalets d\u2019Oche \tet ce poteau.<\/em><\/font><\/p>\n<\/li>\n<\/ul>\n<p style=\"margin-bottom: 0cm\">&nbsp;<\/p>\n","protected":false},"excerpt":{"rendered":"<p>Rendez-vous \u00e9tait donn\u00e9 pour les membres de l\u2019association au parking de la F\u00e9tiu\u00e8re pour une mission sur les chalets d\u2019Oche, la pose de trois poteaux signal\u00e9tiques. Nous nous retrouvons neuf au total, Vincent, G\u00e9rard, Fr\u00e9d\u00e9ric, Jacques Patricia avec ses trois filles et Serge. Nous devons transporter depuis le parking trois sacs de 25Kg de mortier, <a class=\"continue\" href=\"https:\/\/louvionnets.fr\/blog\/?p=106\">[Continue]<\/a><\/p>\n","protected":false},"author":1,"featured_media":0,"comment_status":"open","ping_status":"open","sticky":false,"template":"","format":"standard","meta":{"footnotes":""},"categories":[2],"tags":[8,12,17],"class_list":["post-106","post","type-post","status-publish","format-standard","hentry","category-blogroll","tag-balisage","tag-dent-doche","tag-randonnee"],"_links":{"self":[{"href":"https:\/\/louvionnets.fr\/blog\/index.php?rest_route=\/wp\/v2\/posts\/106","targetHints":{"allow":["GET"]}}],"collection":[{"href":"https:\/\/louvionnets.fr\/blog\/index.php?rest_route=\/wp\/v2\/posts"}],"about":[{"href":"https:\/\/louvionnets.fr\/blog\/index.php?rest_route=\/wp\/v2\/types\/post"}],"author":[{"embeddable":true,"href":"https:\/\/louvionnets.fr\/blog\/index.php?rest_route=\/wp\/v2\/users\/1"}],"replies":[{"embeddable":true,"href":"https:\/\/louvionnets.fr\/blog\/index.php?rest_route=%2Fwp%2Fv2%2Fcomments&post=106"}],"version-history":[{"count":0,"href":"https:\/\/louvionnets.fr\/blog\/index.php?rest_route=\/wp\/v2\/posts\/106\/revisions"}],"wp:attachment":[{"href":"https:\/\/louvionnets.fr\/blog\/index.php?rest_route=%2Fwp%2Fv2%2Fmedia&parent=106"}],"wp:term":[{"taxonomy":"category","embeddable":true,"href":"https:\/\/louvionnets.fr\/blog\/index.php?rest_route=%2Fwp%2Fv2%2Fcategories&post=106"},{"taxonomy":"post_tag","embeddable":true,"href":"https:\/\/louvionnets.fr\/blog\/index.php?rest_route=%2Fwp%2Fv2%2Ftags&post=106"}],"curies":[{"name":"wp","href":"https:\/\/api.w.org\/{rel}","templated":true}]}}