{"id":105,"date":"2007-10-04T05:53:54","date_gmt":"2007-10-04T04:53:54","guid":{"rendered":"http:\/\/prccevian.free.fr\/?p=105"},"modified":"2007-10-04T05:53:54","modified_gmt":"2007-10-04T04:53:54","slug":"mercredi-3-octobre","status":"publish","type":"post","link":"https:\/\/louvionnets.fr\/blog\/?p=105","title":{"rendered":"mercredi 3 octobre"},"content":{"rendered":"<ul>\n<li>\n<p style=\"margin-bottom: 0cm\">D\u00e9but de matin\u00e9e \tavec visite m\u00e9dicale de la m\u00e9decine du travail. Pour \trassurer tout le monde, nous sommes tous les deux aptes au service. \tComme quoi l\u2019activit\u00e9 tr\u00e8s physique que nous \texer\u00e7ons est plut\u00f4t b\u00e9n\u00e9fique.<\/p>\n<\/li>\n<li>\n<p style=\"margin-bottom: 0cm\"><font color=\"#ff0000\"><em><u><\/u><\/em><\/font>Premi\u00e8re intervention, pose d\u2019une plaque sur un poteau \td\u00e9j\u00e0 pos\u00e9 sur la portion GR5 &#8211; Balcon du L\u00e9man \tsur F\u00e9ternes. Lieu dit les Granges altitude 882m. Nous \tprenons une piste aux environs des Clouz et le poteau se trouve peu \tapr\u00e8s une croix monumentale. <font color=\"#ff0000\"><em>N\u00e9anmoins, \tnous constatons qu\u2019il manque une deuxi\u00e8me plaque que nous \tn\u2019avons pas en notre possession.<\/em><\/font><\/p>\n<\/li>\n<li>\n<p style=\"margin-bottom: 0cm\"><em><u><\/u><\/em>Nous nous rendons ensuite sur la Boucle du Ch\u00e2teau,commune de \tLarringes, afin de remplacer une plaque vandalis\u00e9e par un \tchasseur au moyen d\u2019une d\u00e9charge de chevrotine au lieu dit \tLes taill\u00e9es sur le parcours sportif dans les bois en dessous \tde la Pastourelle (selon <em><u><strong>010-09)<\/strong><\/u><\/em>. Poteau <strong>P4<\/strong> \tLes Taill\u00e9es alt. 825m. A ce sujet il serait judicieux, voir \tjuste, d\u2019envoyer la facture de l\u2019op\u00e9ration \u00e0 la \tsoci\u00e9t\u00e9 de chasse concern\u00e9e afin d\u2019aiguiser \tla conscience civique de certains de ses membres qui a d\u00e9faut \tde gibier se rabattent sur la propri\u00e9t\u00e9 du \td\u00e9partement. Nous avons rencontr\u00e9 quelques difficult\u00e9s \tpour extraire les fixations de l\u2019ancienne plaque.<\/p>\n<\/li>\n<li>\n<p style=\"margin-bottom: 0cm\"><font color=\"#ff0000\"><em><u><\/u><\/em><\/font>Nous rejoignons le parcours Alentours de Saint Paul au lieu dit \tVers la Grange pr\u00e9s de Chez Bochet avec deux plaques re\u00e7ue \tr\u00e9cemment. Selon <em><u><strong>011-09<\/strong><\/u><\/em> , nous avions \tsignal\u00e9 la disparition du poteau  <strong>P5<\/strong><font color=\"#ff0000\"><em> \t<\/em><\/font>Vers la Grange alt. 922m et de la balise <strong>B4<\/strong> trente \tm\u00e8tres plus loin alors que le poteau <strong>P4<\/strong> \u00e9tait \tretrouv\u00e9 couch\u00e9 dans un champ en piteux \u00e9tat. \tActes de vandalisme. Afin d\u2019orienter les randonneurs, et n\u2019ayant \tpas de poteau de remplacement, <font color=\"#ff0000\"><em>nous nous \trappelons que nous avions pos\u00e9 une balise avec sa ferrure \u00e0 \tla place de <\/em><\/font><font color=\"#ff0000\"><em><strong>P5<\/strong><\/em><\/font><font color=\"#ff0000\"><em>. \tIl faudra donc revenir avec un poteau \u00e0 monter sur le socle \texistant.<\/em><\/font><\/p>\n<\/li>\n<li>\n<p style=\"margin-bottom: 0cm\"><font color=\"#ff0000\"><em><u><\/u><\/em><\/font>Sur le m\u00eame parcours, nous avons deux plaques intitul\u00e9es \tLac de la Beunaz altitude 950m. Nous nous rendons Chez Gaillet, \u00e0 \tl\u2019intersection de la route venant de Roseires d\u2019Amont. En \tcontinuant tout droit dans le sens de cette route et apr\u00e8s \tavoir travers\u00e9 la route de le Beunaz (balises B18 et B19), \tnous passons devant un joli panneau \u00ab\u00a0propri\u00e9t\u00e9 \tpriv\u00e9e \u2013 Pi\u00e9tons tol\u00e9r\u00e9s\u00a0\u00bb, \tlongeons deux propri\u00e9t\u00e9s, traversons un champ sur une \tcentaine de m\u00e8tres pour entrer dans un bois. L\u00e0 se \ttrouve la balise B20, avec indication de bifurquer sur la gauche, \tque nous avions re-scell\u00e9e selon <em><u><strong>026-04<\/strong><\/u><\/em>. \t<font color=\"#ff0000\"><em>En fait, cette balise aurait du \u00eatre \tpos\u00e9e un peu plus loin au d\u00e9part d\u2019un sentier \tpartant sur la gauche et, aux environs de celle-ci, il conviendra de \tvenir poser le poteau <\/em><\/font><font color=\"#ff0000\"><em><strong>P23 \t<\/strong><\/em><\/font><font color=\"#ff0000\"><em>avec nos deux plaques.<\/em><\/font><\/p>\n<\/li>\n<li>\n<p style=\"margin-bottom: 0cm\">Nous rejoignons le Col de Creusaz  avec deux plaques intitul\u00e9es \tCol de Creusaz altitude 1160m avec indication directionnel Tour du \tMont B\u00e9nand. Nous retrouvons le support m\u00e9tallique \td\u00e9form\u00e9 et sans son poteau de <strong>P8<\/strong> qui bien que \tsitu\u00e9 \u00e0 une vingtaine de centim\u00e8tres d\u2019un \tgros rocher a sans doute \u00e9t\u00e9 fortement chahut\u00e9 \tpar un gros engin. <font color=\"#ff0000\"><em>Nous reviendrons sceller \tet poser ce poteau avec ses plaques plus tard. L\u2019ancien support \tm\u00e9tallique sera tron\u00e7onn\u00e9 \u00e0 la \tdisqueuse\u00a0; pour l\u2019alimentation \u00e9lectrique de \tcelle-ci, nous nous adresserons \u00e0 une propri\u00e9t\u00e9 \tsitu\u00e9e tout pr\u00e8s. <\/em><\/font><\/p>\n<\/li>\n<li>\n<p style=\"margin-bottom: 0cm\"><em><u><\/u><\/em>Nous redescendons sur Lugrin pour re-sceller la balise <strong>LL3-B18<\/strong> \tqui avait \u00e9t\u00e9 couch\u00e9e tout juste apr\u00e8s \tavoir \u00e9t\u00e9 pos\u00e9e, le mortier \u00e9tant encore \tfrais (selon <em><u><strong>067-05<\/strong><\/u><\/em>).<\/p>\n<\/li>\n<li>\n<p style=\"margin-bottom: 0cm\"><em><u><\/u><\/em>De \tretour au local nous pr\u00e9parons le mat\u00e9riel pour \tl\u2019op\u00e9ration de l\u2019association pr\u00e9vue samedi \tprochain sur le site des chalets d\u2019Oche. Il est pr\u00e9vu \tnotamment de poser deux poteaux aux chalets d\u2019Oche, un poteau \u00e0 \tmi-chemin du lac de La Case d\u2019Oche, un poteau au col de Rebollion \tlequel se trouve actuellement pr\u00e8s du col de Tr\u00e9pertuis \t(nous l\u2019avions transport\u00e9 depuis Novel via le col de Neuva) \tet qu\u2019il faudra ramener, de poser deux plaques sur un poteau d\u00e9j\u00e0 \tpos\u00e9 \u00e0 ce m\u00eame endroit, de poser une plaque sur \tun rocher du col des Portes d\u2019Oche. Il faudra porter depuis la \tF\u00e9tiu\u00e8re quatre sacs de ciment de 25 Kg ainsi que \ttrois poteaux munis de leurs ferrures et aussi divers outils. Tous \tles membres de l\u2019association ainsi que tous les volontaires seront \tles bienvenus. Rendez-vous \u00e0 la F\u00e9tiu\u00e8re Samedi \t8 octobre \u00e0 8 heures.<\/p>\n<\/li>\n<\/ul>\n","protected":false},"excerpt":{"rendered":"<p>D\u00e9but de matin\u00e9e avec visite m\u00e9dicale de la m\u00e9decine du travail. Pour rassurer tout le monde, nous sommes tous les deux aptes au service. Comme quoi l\u2019activit\u00e9 tr\u00e8s physique que nous exer\u00e7ons est plut\u00f4t b\u00e9n\u00e9fique. Premi\u00e8re intervention, pose d\u2019une plaque sur un poteau d\u00e9j\u00e0 pos\u00e9 sur la portion GR5 &#8211; Balcon du L\u00e9man sur F\u00e9ternes. <a class=\"continue\" href=\"https:\/\/louvionnets.fr\/blog\/?p=105\">[Continue]<\/a><\/p>\n","protected":false},"author":1,"featured_media":0,"comment_status":"open","ping_status":"open","sticky":false,"template":"","format":"standard","meta":{"footnotes":""},"categories":[2],"tags":[],"class_list":["post-105","post","type-post","status-publish","format-standard","hentry","category-blogroll"],"_links":{"self":[{"href":"https:\/\/louvionnets.fr\/blog\/index.php?rest_route=\/wp\/v2\/posts\/105","targetHints":{"allow":["GET"]}}],"collection":[{"href":"https:\/\/louvionnets.fr\/blog\/index.php?rest_route=\/wp\/v2\/posts"}],"about":[{"href":"https:\/\/louvionnets.fr\/blog\/index.php?rest_route=\/wp\/v2\/types\/post"}],"author":[{"embeddable":true,"href":"https:\/\/louvionnets.fr\/blog\/index.php?rest_route=\/wp\/v2\/users\/1"}],"replies":[{"embeddable":true,"href":"https:\/\/louvionnets.fr\/blog\/index.php?rest_route=%2Fwp%2Fv2%2Fcomments&post=105"}],"version-history":[{"count":0,"href":"https:\/\/louvionnets.fr\/blog\/index.php?rest_route=\/wp\/v2\/posts\/105\/revisions"}],"wp:attachment":[{"href":"https:\/\/louvionnets.fr\/blog\/index.php?rest_route=%2Fwp%2Fv2%2Fmedia&parent=105"}],"wp:term":[{"taxonomy":"category","embeddable":true,"href":"https:\/\/louvionnets.fr\/blog\/index.php?rest_route=%2Fwp%2Fv2%2Fcategories&post=105"},{"taxonomy":"post_tag","embeddable":true,"href":"https:\/\/louvionnets.fr\/blog\/index.php?rest_route=%2Fwp%2Fv2%2Ftags&post=105"}],"curies":[{"name":"wp","href":"https:\/\/api.w.org\/{rel}","templated":true}]}}