{"id":104,"date":"2007-10-03T06:05:33","date_gmt":"2007-10-03T05:05:33","guid":{"rendered":"http:\/\/prccevian.free.fr\/?p=104"},"modified":"2007-10-03T06:05:33","modified_gmt":"2007-10-03T05:05:33","slug":"mundi-1-octobre","status":"publish","type":"post","link":"https:\/\/louvionnets.fr\/blog\/?p=104","title":{"rendered":"lundi 1 octobre"},"content":{"rendered":"<ul>\n<li>\n<p style=\"margin-bottom: 0cm\">Pour la journ\u00e9e il est \tpr\u00e9vu d\u2019aller poser les plaques signal\u00e9tiques du GRP \t(grande randonn\u00e9e p\u00e9destre) Variante Balcon du L\u00e9man \tsur la portion Col de Corniens \u2013 Col de Blanchard. Les poteaux \tconcern\u00e9s ont \u00e9t\u00e9 pos\u00e9s \u00e0 \tl\u2019occasion d\u2019une op\u00e9ration de l\u2019association le samedi 9 \tJuin 2007(voir CR N\u00b027) Ce jour l\u00e0, nous \u00e9tions \tquinze engag\u00e9s dans cette action. Cet itin\u00e9raire \td\u00e9marre de Novel et passe par le Col de Blanchard, les \tchalets de Corniens, le Col de Corniens, le chalet de Nordevaux, les \tchalets des M\u00e9mises, la cr\u00eate des M\u00e9mises qu\u2019il \tparcourt en passant par la gare sup\u00e9rieure de la t\u00e9l\u00e9cabine \tde Thollon puis par le Pic des M\u00e9mises pour descendre au col \tde Pertuis. Il rejoints la cr\u00eate du Grand Mottay, passe par le \tchalet de Sur Les Pr\u00e8s et rejoint enfin au Col de Neuvaz le \tBalcon du L\u00e9man.<\/p>\n<\/li>\n<li>\n<p style=\"margin-bottom: 0cm\"><em><u><\/u><\/em>Le \tparcours est atteint depuis Thollon Lajoux pour arriver au col de \tCorniens altitude 1426m. Les deux plaques signal\u00e9tiques sont \tpos\u00e9es sur le poteau <strong>P7 GRP-VBL<\/strong>. L\u2019ancien poteau \ttype conseil g\u00e9n\u00e9ral est supprim\u00e9 \u00e0 la \tdescente.<\/p>\n<\/li>\n<li>\n<p style=\"margin-bottom: 0cm\"><font color=\"#ff0000\"><em><u><\/u><\/em><\/font>Au chalets de Corniens altitude 1398m, ce sont deux plaques \tmurales qui sont appos\u00e9es sur le mur du chalet refuge pour <strong>P6 \tGRP-VBL<\/strong>. Quelques difficult\u00e9s et du temps pour fixer ces \tplaques sur un mur de construction ancienne en molasse recouvert \td\u2019un cr\u00e9pissage plus r\u00e9cent. <font color=\"#ff0000\"><em>Quand \ton arrive depuis le Col de Corniens, les deux plaques ne sont pas \tvisibles puisque derri\u00e8re le chalet, c\u2019est pourquoi il \tserait judicieux de placer un pictogramme directionnel au niveau de \tl\u2019entr\u00e9e du refuge pour indiquer au randonneur que le \tparcours passe entre les deux chalets  par le tourniquet \u00e0 \tvache, o\u00f9 il ne peuvent manquer de voir nos  plaques (et non \tpas \u00e0 droite du refuge o\u00f9 se trouve une trace de \tsentier qui rejoint le parcours). Au d\u00e9part du chalet, il \tfaudra retracer  le d\u00e9part de  sentier qui n\u2019existe plus. <\/em><\/font><\/p>\n<\/li>\n<li>\n<p style=\"margin-bottom: 0cm\"><em><u><\/u><\/em>Direction le col de Blanchard altitude 1452m o\u00f9 se trouve le \tpoteau <strong>P5 GRP-VBL<\/strong>. Les deux plaques qui le garnissent sont \tpos\u00e9es.<\/p>\n<\/li>\n<\/ul>\n","protected":false},"excerpt":{"rendered":"<p>Pour la journ\u00e9e il est pr\u00e9vu d\u2019aller poser les plaques signal\u00e9tiques du GRP (grande randonn\u00e9e p\u00e9destre) Variante Balcon du L\u00e9man sur la portion Col de Corniens \u2013 Col de Blanchard. Les poteaux concern\u00e9s ont \u00e9t\u00e9 pos\u00e9s \u00e0 l\u2019occasion d\u2019une op\u00e9ration de l\u2019association le samedi 9 Juin 2007(voir CR N\u00b027) Ce jour l\u00e0, nous \u00e9tions quinze <a class=\"continue\" href=\"https:\/\/louvionnets.fr\/blog\/?p=104\">[Continue]<\/a><\/p>\n","protected":false},"author":1,"featured_media":0,"comment_status":"open","ping_status":"open","sticky":false,"template":"","format":"standard","meta":{"footnotes":""},"categories":[2],"tags":[],"class_list":["post-104","post","type-post","status-publish","format-standard","hentry","category-blogroll"],"_links":{"self":[{"href":"https:\/\/louvionnets.fr\/blog\/index.php?rest_route=\/wp\/v2\/posts\/104","targetHints":{"allow":["GET"]}}],"collection":[{"href":"https:\/\/louvionnets.fr\/blog\/index.php?rest_route=\/wp\/v2\/posts"}],"about":[{"href":"https:\/\/louvionnets.fr\/blog\/index.php?rest_route=\/wp\/v2\/types\/post"}],"author":[{"embeddable":true,"href":"https:\/\/louvionnets.fr\/blog\/index.php?rest_route=\/wp\/v2\/users\/1"}],"replies":[{"embeddable":true,"href":"https:\/\/louvionnets.fr\/blog\/index.php?rest_route=%2Fwp%2Fv2%2Fcomments&post=104"}],"version-history":[{"count":0,"href":"https:\/\/louvionnets.fr\/blog\/index.php?rest_route=\/wp\/v2\/posts\/104\/revisions"}],"wp:attachment":[{"href":"https:\/\/louvionnets.fr\/blog\/index.php?rest_route=%2Fwp%2Fv2%2Fmedia&parent=104"}],"wp:term":[{"taxonomy":"category","embeddable":true,"href":"https:\/\/louvionnets.fr\/blog\/index.php?rest_route=%2Fwp%2Fv2%2Fcategories&post=104"},{"taxonomy":"post_tag","embeddable":true,"href":"https:\/\/louvionnets.fr\/blog\/index.php?rest_route=%2Fwp%2Fv2%2Ftags&post=104"}],"curies":[{"name":"wp","href":"https:\/\/api.w.org\/{rel}","templated":true}]}}