{"id":103,"date":"2007-09-29T20:32:38","date_gmt":"2007-09-29T19:32:38","guid":{"rendered":"http:\/\/prccevian.free.fr\/?p=103"},"modified":"2007-09-29T20:32:38","modified_gmt":"2007-09-29T19:32:38","slug":"vendredi-27-septembre","status":"publish","type":"post","link":"https:\/\/louvionnets.fr\/blog\/?p=103","title":{"rendered":"vendredi 28 septembre"},"content":{"rendered":"<ul>\n<li>\n<p style=\"margin-bottom: 0cm\">Notre objectif pour la journ\u00e9e \test de proc\u00e9der au montage des plaques signal\u00e9tiques \tdu <strong>GRP Balcon du L\u00e9man<\/strong> au d\u00e9part de La planche \tau dessus de Novel en direction des chalets d\u2019Oche. Les poteaux \tconcern\u00e9s <strong>P1 GRP-BL<\/strong> \u00e0 <strong>P8 GRP-BL<\/strong> ont \u00e9t\u00e9 \tpos\u00e9s sans leurs plaques les 2 et 4 juin derniers. Nous \tprojetions \u00e9galement de poser la plaque murale au chalet de \tNeuva de Dessus et de redescendre le poteau pos\u00e9 par erreur \u00e0 \tcet endroit. Nous nous arr\u00eatons chez Baud \u00e0 Evian pour \tprendre quelques fournitures.<\/p>\n<\/li>\n<li>\n<p style=\"margin-bottom: 0cm\"><em><u><\/u><\/em>Arriv\u00e9s au hameau de l\u2019Enclos nous partons sous une petite \tpluie et prenons la direction du Col de Neuva. Un peu plus haut, \tnous posons les plaques du poteau<strong> P1 GRP-BL<\/strong> altitude 1350.<\/p>\n<\/li>\n<li>\n<p style=\"margin-bottom: 0cm\"><em><u><\/u><\/em>Un \tpeu plus haut nous posons les plaques de <strong>P2 GRP-BL<\/strong> altitude \t1360m.<\/p>\n<\/li>\n<li>\n<p style=\"margin-bottom: 0cm\"><em><u><\/u><\/em>Sous l\u2019alpage de La Cergne, nous posons les plaques de <strong>P3 \tGRP-BL<\/strong> altitude 1412m.<\/p>\n<\/li>\n<li>\n<p style=\"margin-bottom: 0cm\"><em><u><strong>069-05<\/strong><\/u><\/em>    \tNous arrivons aux chalets de Neuva Dessous altitude 1492m et posons \tles plaques de <strong>P4 GRP-BL<\/strong>.<\/p>\n<\/li>\n<li>\n<p style=\"margin-bottom: 0cm\"><em><u><\/u><\/em>Nous continuons, sous la neige maintenant, et passons devant la \tbalise <font color=\"#ff0000\"><em>B3 GRP-BL qui n\u2019a pas de \tpictogramme. Nous arrivons au chalet de Neuva du Milieu \u00e0 \t1720m d\u2019altitude o\u00f9 nous passons la balise <\/em><\/font><font color=\"#ff0000\"><strong>B4 \tGRP-BL<\/strong><\/font><font color=\"#ff0000\"><em> qui n\u2019a pas de \tpictogramme<\/em><\/font>.<\/p>\n<\/li>\n<li>\n<p style=\"margin-bottom: 0cm\"><font color=\"#ff0000\"><em><u><\/u><\/em><\/font><font color=\"#ff0000\"><em>Pour rejoindre le col depuis le chalet, \tle parcours est toujours un v\u00e9ritable bourbier du fait de la \tpr\u00e9sence des vaches<\/em><\/font> et la neige qui recouvre et \tcache le terrain n\u2019arrange rien. Nous arrivons au col sous un fort \tvent qui m\u00eal\u00e9 \u00e0 la neige nous aveugle.<\/p>\n<\/li>\n<li>\n<p style=\"margin-bottom: 0cm\"><em><u><\/u><\/em>Nous posons la plaque de <strong>P5 GRP-BL<\/strong> puis celles de <strong>P6 \tGRP-BL<\/strong> \u00e0 l\u2019altitude 1775m du Col.<\/p>\n<\/li>\n<li>\n<p style=\"margin-bottom: 0cm\"><font color=\"#ff0000\"><em><u><\/u><\/em><\/font>Nous nous dirigeons en direction de la Dent d\u2019Oche et cent \tm\u00e8tres plus loin nous posons les plaques <font color=\"#ff0000\"><em>de \t<\/em><\/font><font color=\"#ff0000\"><strong>P7 GRP-BL<\/strong><\/font><font color=\"#ff0000\"><em> \tsur un poteau qui a perdu son aplomb, sans doute \u00e0 cause d\u2019un \tgratte-gratte de vache. Il faudra revenir poser l\u2019habituel fil \tbarbel\u00e9 de protection. Pour la qualit\u00e9 du terrain, \tm\u00eame remarque que pr\u00e9c\u00e9demment entre le col et \tce poteau, le passage d\u2019un ruisseau \u00e0 proximit\u00e9 \t\u00e9tant particuli\u00e8rement acrobatique.<\/em><\/font><\/p>\n<\/li>\n<li>\n<p style=\"margin-bottom: 0cm\"><em><u><\/u><\/em>La \tm\u00e9canique de pose de plaques n\u00e9cessite un travail \u00e0 \tmains nues et au vu des mauvaises conditions m\u00e9t\u00e9orologiques \tnous avons les doigts gel\u00e9s et de plus nous sommes fortement \tg\u00ean\u00e9s par le vent m\u00eal\u00e9 \u00e0 la neige. \tNous d\u00e9cidons donc \u00e0 contrecoeur de redescendre sans \tavoir pos\u00e9 <strong>P8 GRP-BL<\/strong> vers le col de Tr\u00e9pertuis \tni la plaque murale <strong>P4 GRP-VBL<\/strong> du chalet de Neuva Dessus.<\/p>\n<\/li>\n<\/ul>\n","protected":false},"excerpt":{"rendered":"<p>Notre objectif pour la journ\u00e9e est de proc\u00e9der au montage des plaques signal\u00e9tiques du GRP Balcon du L\u00e9man au d\u00e9part de La planche au dessus de Novel en direction des chalets d\u2019Oche. Les poteaux concern\u00e9s P1 GRP-BL \u00e0 P8 GRP-BL ont \u00e9t\u00e9 pos\u00e9s sans leurs plaques les 2 et 4 juin derniers. Nous projetions \u00e9galement <a class=\"continue\" href=\"https:\/\/louvionnets.fr\/blog\/?p=103\">[Continue]<\/a><\/p>\n","protected":false},"author":1,"featured_media":0,"comment_status":"open","ping_status":"open","sticky":false,"template":"","format":"standard","meta":{"footnotes":""},"categories":[2],"tags":[],"class_list":["post-103","post","type-post","status-publish","format-standard","hentry","category-blogroll"],"_links":{"self":[{"href":"https:\/\/louvionnets.fr\/blog\/index.php?rest_route=\/wp\/v2\/posts\/103","targetHints":{"allow":["GET"]}}],"collection":[{"href":"https:\/\/louvionnets.fr\/blog\/index.php?rest_route=\/wp\/v2\/posts"}],"about":[{"href":"https:\/\/louvionnets.fr\/blog\/index.php?rest_route=\/wp\/v2\/types\/post"}],"author":[{"embeddable":true,"href":"https:\/\/louvionnets.fr\/blog\/index.php?rest_route=\/wp\/v2\/users\/1"}],"replies":[{"embeddable":true,"href":"https:\/\/louvionnets.fr\/blog\/index.php?rest_route=%2Fwp%2Fv2%2Fcomments&post=103"}],"version-history":[{"count":0,"href":"https:\/\/louvionnets.fr\/blog\/index.php?rest_route=\/wp\/v2\/posts\/103\/revisions"}],"wp:attachment":[{"href":"https:\/\/louvionnets.fr\/blog\/index.php?rest_route=%2Fwp%2Fv2%2Fmedia&parent=103"}],"wp:term":[{"taxonomy":"category","embeddable":true,"href":"https:\/\/louvionnets.fr\/blog\/index.php?rest_route=%2Fwp%2Fv2%2Fcategories&post=103"},{"taxonomy":"post_tag","embeddable":true,"href":"https:\/\/louvionnets.fr\/blog\/index.php?rest_route=%2Fwp%2Fv2%2Ftags&post=103"}],"curies":[{"name":"wp","href":"https:\/\/api.w.org\/{rel}","templated":true}]}}