{"id":102,"date":"2007-09-28T05:44:17","date_gmt":"2007-09-28T04:44:17","guid":{"rendered":"http:\/\/prccevian.free.fr\/?p=102"},"modified":"2007-09-28T05:44:17","modified_gmt":"2007-09-28T04:44:17","slug":"mercredi-27-septembre","status":"publish","type":"post","link":"https:\/\/louvionnets.fr\/blog\/?p=102","title":{"rendered":"mercredi 26 septembre"},"content":{"rendered":"<ul>\n<li>\n<p style=\"margin-bottom: 0cm\" align=\"justify\">Fr\u00e9d\u00e9ric \tnous a rapport\u00e9 ce matin les plaques signal\u00e9tiques de \tpoteaux qu\u2019il est all\u00e9 chercher la veille \u00e0 Annecy. \tNous les attendions depuis le 15 Mai. Nous avons pr\u00e9vu \td\u2019autre part de poser six balises du Littoral L\u00e9man sur les \tcommunes de Marin et F\u00e9ternes.<\/p>\n<\/li>\n<li>\n<p style=\"margin-bottom: 0cm\" align=\"justify\"><em><u><\/u><\/em>Nous faisons un inventaire des plaques re\u00e7ues et \tconstatons l\u2019absence de celles du GR5 qui devaient \u00eatre \tpos\u00e9es en priorit\u00e9.<\/p>\n<\/li>\n<li>\n<p style=\"margin-bottom: 0cm\" align=\"justify\"><em><u><\/u><\/em>Nous avons re\u00e7u la totalit\u00e9 des plaques du cahier \tBalcon du L\u00e9man pour les poteaux r\u00e9pertori\u00e9s <strong>P1 \t\u00e0 P12<\/strong>, soit le parcours Novel-Chalets d\u2019Oche via le Col \tde Neuva et le Col de Rebollion.<\/p>\n<\/li>\n<li>\n<p style=\"margin-bottom: 0cm\" align=\"justify\"><em><u><\/u><\/em>Nous avons \u00e9galement re\u00e7u la totalit\u00e9 des \tplaques du GRP Variante Balcon du L\u00e9man pour les poteaux \tr\u00e9pertori\u00e9s <strong>P1 \u00e0 P18<\/strong>, soit le parcours \tNovel-Pic des M\u00e9mises via Col de Blanchard et Nordevaux.<\/p>\n<\/li>\n<li>\n<p style=\"margin-bottom: 0cm\" align=\"justify\"><em><u><\/u><\/em>Nous avons enfin re\u00e7u quelques diverses plaques pour \tremplacement de mobilier d\u00e9fectueux et deux plaques du GR5.<\/p>\n<\/li>\n<li>\n<p style=\"margin-bottom: 0cm\" align=\"justify\"><em><u><\/u><\/em>Nous partons poser la balise <strong>LL7-B9<\/strong> \u00e0 Sussinges sur \tle Chemin du Vieux Cr\u00eat \u00e0 l\u2019intersection de la route \tde Sussinges venant sur la gauche, avec indication de continuer tout \tdroit.<\/p>\n<\/li>\n<li>\n<p style=\"margin-bottom: 0cm\" align=\"justify\"><em><u><\/u><\/em>De m\u00eame cinquante m\u00e8tres plus loin en montant \ttoujours sur le chemin du Vieux Cr\u00eat, mais cette fois \u00e0 \tl\u2019intersection de l\u2019impasse de Rogine venant sur la droite, pour \tcontinuer tout droit nous posons<strong> LL7-B10<\/strong>.<\/p>\n<\/li>\n<li>\n<p style=\"margin-bottom: 0cm\" align=\"justify\"><em><u><\/u><\/em>Plus haut, la fin du chemin du Vieux Cr\u00eat aboutit sur le \tchemin de Rogine. Nous posons <strong>LL7-B11<\/strong> pour indication de \tsuivre ce chemin, qui est en fait une route goudronn\u00e9e, en \tbifurquant sur la droite.<\/p>\n<\/li>\n<li>\n<p style=\"margin-bottom: 0cm\" align=\"justify\"><em><u><\/u><\/em>Nous montons ensuite \u00e0 Marinel et prenons sur la droite le \tchemin des Noyereaux en direction des Vignes de Pont sur environ \t350m pour retrouver le parcours arrivant sur la droite. Nous \tdescendons la piste sur une centaine de m\u00e8tres et posons \t<strong>LL7-B12<\/strong> pour interdire une piste menant \u00e0 une \texploitation agricole.<\/p>\n<\/li>\n<li>\n<p style=\"margin-bottom: 0cm\" align=\"justify\"><em><u><\/u><\/em>Nous rejoignons Fontanex et prenons sur la gauche le Chemin des \tFourches en direction de Frogey. Arriv\u00e9 vers un parc \u00e0 \tchevaux sur la gauche et une vigne sur la droite nous posons <strong>LL7-B13<\/strong> \t\u00e9quip\u00e9e de fl\u00e8ches de bifurcation pour tourner \t\u00e0 droite en direction du parc, <font color=\"#ff0000\"><em>ce \tqui nous le comprendrons par la suite est faux car il faut aller \ttout droit en longeant la vigne. Nous rectifierons ce balisage \tult\u00e9rieurement  en le rapprochant davantage de la vigne avec \tl\u2019 indication de poursuivre tout droit.<\/em><\/font><\/p>\n<\/li>\n<li>\n<p style=\"margin-bottom: 0cm\" align=\"justify\"><em><u><\/u><\/em>La derni\u00e8re balise \u00e0 poser se trouve sur le \tparcours entre Chullien et Cornellaz. Nous prenons la route de \tChullien en direction de Cornellaz qui se termine en cul de sac \talors que le parcours continue en bifurquant \u00e0 gauche sur une \tpiste trac\u00e9e dans les champs. Environ cent m\u00e8tres plus \thaut, la piste tourne \u00e0 droite dans les champs alors que \tnotre chemin file tout droit. C\u2019est ici que nous posons <strong>LL7-B14<\/strong>.<\/p>\n<\/li>\n<\/ul>\n","protected":false},"excerpt":{"rendered":"<p>Fr\u00e9d\u00e9ric nous a rapport\u00e9 ce matin les plaques signal\u00e9tiques de poteaux qu\u2019il est all\u00e9 chercher la veille \u00e0 Annecy. Nous les attendions depuis le 15 Mai. Nous avons pr\u00e9vu d\u2019autre part de poser six balises du Littoral L\u00e9man sur les communes de Marin et F\u00e9ternes. Nous faisons un inventaire des plaques re\u00e7ues et constatons l\u2019absence <a class=\"continue\" href=\"https:\/\/louvionnets.fr\/blog\/?p=102\">[Continue]<\/a><\/p>\n","protected":false},"author":1,"featured_media":0,"comment_status":"open","ping_status":"open","sticky":false,"template":"","format":"standard","meta":{"footnotes":""},"categories":[2],"tags":[],"class_list":["post-102","post","type-post","status-publish","format-standard","hentry","category-blogroll"],"_links":{"self":[{"href":"https:\/\/louvionnets.fr\/blog\/index.php?rest_route=\/wp\/v2\/posts\/102","targetHints":{"allow":["GET"]}}],"collection":[{"href":"https:\/\/louvionnets.fr\/blog\/index.php?rest_route=\/wp\/v2\/posts"}],"about":[{"href":"https:\/\/louvionnets.fr\/blog\/index.php?rest_route=\/wp\/v2\/types\/post"}],"author":[{"embeddable":true,"href":"https:\/\/louvionnets.fr\/blog\/index.php?rest_route=\/wp\/v2\/users\/1"}],"replies":[{"embeddable":true,"href":"https:\/\/louvionnets.fr\/blog\/index.php?rest_route=%2Fwp%2Fv2%2Fcomments&post=102"}],"version-history":[{"count":0,"href":"https:\/\/louvionnets.fr\/blog\/index.php?rest_route=\/wp\/v2\/posts\/102\/revisions"}],"wp:attachment":[{"href":"https:\/\/louvionnets.fr\/blog\/index.php?rest_route=%2Fwp%2Fv2%2Fmedia&parent=102"}],"wp:term":[{"taxonomy":"category","embeddable":true,"href":"https:\/\/louvionnets.fr\/blog\/index.php?rest_route=%2Fwp%2Fv2%2Fcategories&post=102"},{"taxonomy":"post_tag","embeddable":true,"href":"https:\/\/louvionnets.fr\/blog\/index.php?rest_route=%2Fwp%2Fv2%2Ftags&post=102"}],"curies":[{"name":"wp","href":"https:\/\/api.w.org\/{rel}","templated":true}]}}